{"id":1023,"date":"2025-07-19T15:38:00","date_gmt":"2025-07-19T15:38:00","guid":{"rendered":"https:\/\/velds.com\/blog\/?p=1023"},"modified":"2025-07-19T01:26:59","modified_gmt":"2025-07-18T23:26:59","slug":"mauvaise-nouvelle-deux-roues-nouvelle-loi-mondiale-va-tout-changer-motards-2025","status":"publish","type":"post","link":"https:\/\/velds.com\/blog\/mauvaise-nouvelle-deux-roues-nouvelle-loi-mondiale-va-tout-changer-motards-2025\/","title":{"rendered":"Mauvaise nouvelle pour les deux-roues : cette nouvelle loi mondiale va tout changer pour les motards en 2025"},"content":{"rendered":"<p>L&rsquo;industrie mondiale des deux-roues motoris\u00e9s fait face \u00e0 un bouleversement majeur en 2025. La nouvelle r\u00e9glementation CE 92.03, adopt\u00e9e r\u00e9cemment par l&rsquo;ONU, impose des contraintes sans pr\u00e9c\u00e9dent sur les syst\u00e8mes d&rsquo;\u00e9chappement. Cette mesure vise principalement \u00e0 r\u00e9soudre le probl\u00e8me persistant des nuisances sonores urbaines, provoqu\u00e9es notamment par les modifications non conformes des silencieux.<\/p>\n<h2>R\u00e9glementation internationale sur les \u00e9chappements de motos<\/h2>\n<p>La nouvelle l\u00e9gislation mondiale cible sp\u00e9cifiquement les \u00e9chappements aftermarket, ces dispositifs que de nombreux motards installent apr\u00e8s l&rsquo;achat de leur v\u00e9hicule. <strong>Les fabricants renomm\u00e9s comme Akrapovic et SC Project<\/strong> devront d\u00e9sormais concevoir leurs produits selon des normes bien plus strictes. Fini le temps o\u00f9 l&rsquo;on pouvait simplement retirer la chicane (ou DB Killer) pour obtenir un son plus agressif.<\/p>\n<p>Le texte adopt\u00e9 par l&rsquo;ONU est sans \u00e9quivoque : <em>les silencieux d&rsquo;\u00e9chappement de remplacement doivent \u00eatre con\u00e7us de mani\u00e8re \u00e0 rendre impossible le retrait des \u00e9l\u00e9ments att\u00e9nuateurs de bruit<\/em>. Les pi\u00e8ces essentielles seront fix\u00e9es de fa\u00e7on permanente, et toute tentative de modification entra\u00eenera des dommages irr\u00e9versibles sur l&rsquo;ensemble du syst\u00e8me.<\/p>\n<p>Cette initiative, qui mijotait dans les bureaux l\u00e9gislatifs depuis 2023, vient finalement d&rsquo;\u00eatre formalis\u00e9e et mise en application. Elle marque un tournant d\u00e9cisif dans la r\u00e9gulation des \u00e9missions sonores des deux-roues.<\/p>\n<table border=\"1\">\n<tr>\n<th>Aspect r\u00e9glementaire<\/th>\n<th>Avant la CE 92.03<\/th>\n<th>Apr\u00e8s la CE 92.03<\/th>\n<\/tr>\n<tr>\n<td>Retrait des chicanes<\/td>\n<td>Possible techniquement<\/td>\n<td>Techniquement impossible<\/td>\n<\/tr>\n<tr>\n<td>\u00c9chappements aftermarket<\/td>\n<td>Modifications tol\u00e9r\u00e9es<\/td>\n<td>Modifications structurellement emp\u00each\u00e9es<\/td>\n<\/tr>\n<tr>\n<td>Contr\u00f4les sonores<\/td>\n<td>Principalement sur route<\/td>\n<td>\u00c0 la source + radars antibruit<\/td>\n<\/tr>\n<\/table>\n<h2>Technologies de surveillance acoustique des deux-roues<\/h2>\n<p>Pour accompagner cette r\u00e9forme des \u00e9chappements, les autorit\u00e9s d\u00e9ploient progressivement une technologie compl\u00e9mentaire : <strong>les radars antibruit de nouvelle g\u00e9n\u00e9ration<\/strong>. Ces dispositifs sophistiqu\u00e9s, \u00e9quip\u00e9s de huit microphones et plusieurs cam\u00e9ras, peuvent identifier pr\u00e9cis\u00e9ment les v\u00e9hicules d\u00e9passant le seuil autoris\u00e9 de 85 d\u00e9cibels.<\/p>\n<p>Plusieurs villes fran\u00e7aises servent actuellement de terrains d&rsquo;exp\u00e9rimentation pour ces radars :<\/p>\n<ul>\n<li>Paris, dans ses zones urbaines denses<\/li>\n<li>Toulouse, particuli\u00e8rement dans son centre-ville<\/li>\n<li>Nice, sur ses art\u00e8res principales<\/li>\n<li>Rueil-Malmaison, zone r\u00e9sidentielle sensible<\/li>\n<li>La vall\u00e9e de Chevreuse, pris\u00e9e des motards le week-end<\/li>\n<\/ul>\n<p>Les contrevenants s&rsquo;exposent \u00e0 une amende forfaitaire de 135 euros, sans retrait de points. <em>Cette approche technologique vise \u00e0 automatiser la d\u00e9tection des infractions sonores<\/em>, rendant les contr\u00f4les bien plus syst\u00e9matiques qu&rsquo;auparavant.<\/p>\n<p>Une fois la phase d&rsquo;homologation achev\u00e9e, ces radars entreront officiellement en service, offrant aux municipalit\u00e9s un outil suppl\u00e9mentaire dans leur lutte contre la pollution sonore.<\/p>\n<h2>Impact sur les habitudes des motards<\/h2>\n<p>Pour de nombreux passionn\u00e9s de deux-roues, cette r\u00e9forme repr\u00e9sente un changement radical de paradigme. <strong>La culture du son personnalis\u00e9, souvent associ\u00e9e \u00e0 l&rsquo;identit\u00e9 m\u00eame du motard<\/strong>, se trouve directement menac\u00e9e par ces nouvelles dispositions.<\/p>\n<p>Les constructeurs devront repenser enti\u00e8rement leur approche de conception. Les \u00e9chappements ne pourront plus \u00eatre de simples assemblages modulables, mais devront constituer des blocs monolithiques o\u00f9 tout est int\u00e9gr\u00e9 de fa\u00e7on permanente. Cette contrainte technique risque d&rsquo;augmenter les co\u00fbts de production et, en cons\u00e9quence, les prix de vente.<\/p>\n<p>Le march\u00e9 parall\u00e8le des pi\u00e8ces non homologu\u00e9es pourrait conna\u00eetre une recrudescence temporaire, avant que les contr\u00f4les renforc\u00e9s ne le rendent trop risqu\u00e9. Les motards devront progressivement s&rsquo;adapter \u00e0 cette nouvelle r\u00e9alit\u00e9 o\u00f9 la discr\u00e9tion acoustique primera sur l&rsquo;expression sonore.<\/p>\n<p>Finalement, cette r\u00e9glementation s&rsquo;inscrit dans une tendance plus large de restriction des libert\u00e9s individuelles au profit du bien-\u00eatre collectif. Le d\u00e9bat reste ouvert sur l&rsquo;\u00e9quilibre \u00e0 trouver entre ces deux imp\u00e9ratifs, mais la direction prise par les autorit\u00e9s mondiales semble d\u00e9sormais claire et irr\u00e9versible.<\/p>\n","protected":false},"excerpt":{"rendered":"<p>L&rsquo;industrie mondiale des deux-roues motoris\u00e9s fait face \u00e0 un bouleversement majeur en 2025. La nouvelle r\u00e9glementation CE 92.03, adopt\u00e9e r\u00e9cemment par l&rsquo;ONU, impose des contraintes sans pr\u00e9c\u00e9dent sur les syst\u00e8mes d&rsquo;\u00e9chappement. Cette mesure vise principalement \u00e0 r\u00e9soudre le probl\u00e8me persistant des nuisances sonores urbaines, provoqu\u00e9es notamment par les modifications non conformes des silencieux. R\u00e9glementation internationale [&hellip;]<\/p>\n","protected":false},"author":1,"featured_media":1033,"comment_status":"open","ping_status":"open","sticky":false,"template":"","format":"standard","meta":{"_seopress_robots_primary_cat":"none","_seopress_titles_title":"","_seopress_titles_desc":"","_seopress_robots_index":"","footnotes":""},"categories":[10],"tags":[],"class_list":{"0":"post-1023","1":"post","2":"type-post","3":"status-publish","4":"format-standard","5":"has-post-thumbnail","7":"category-conso"},"_links":{"self":[{"href":"https:\/\/velds.com\/blog\/wp-json\/wp\/v2\/posts\/1023","targetHints":{"allow":["GET"]}}],"collection":[{"href":"https:\/\/velds.com\/blog\/wp-json\/wp\/v2\/posts"}],"about":[{"href":"https:\/\/velds.com\/blog\/wp-json\/wp\/v2\/types\/post"}],"author":[{"embeddable":true,"href":"https:\/\/velds.com\/blog\/wp-json\/wp\/v2\/users\/1"}],"replies":[{"embeddable":true,"href":"https:\/\/velds.com\/blog\/wp-json\/wp\/v2\/comments?post=1023"}],"version-history":[{"count":1,"href":"https:\/\/velds.com\/blog\/wp-json\/wp\/v2\/posts\/1023\/revisions"}],"predecessor-version":[{"id":1036,"href":"https:\/\/velds.com\/blog\/wp-json\/wp\/v2\/posts\/1023\/revisions\/1036"}],"wp:featuredmedia":[{"embeddable":true,"href":"https:\/\/velds.com\/blog\/wp-json\/wp\/v2\/media\/1033"}],"wp:attachment":[{"href":"https:\/\/velds.com\/blog\/wp-json\/wp\/v2\/media?parent=1023"}],"wp:term":[{"taxonomy":"category","embeddable":true,"href":"https:\/\/velds.com\/blog\/wp-json\/wp\/v2\/categories?post=1023"},{"taxonomy":"post_tag","embeddable":true,"href":"https:\/\/velds.com\/blog\/wp-json\/wp\/v2\/tags?post=1023"}],"curies":[{"name":"wp","href":"https:\/\/api.w.org\/{rel}","templated":true}]}}