{"id":1170,"date":"2025-07-24T17:56:00","date_gmt":"2025-07-24T17:56:00","guid":{"rendered":"https:\/\/velds.com\/blog\/?p=1170"},"modified":"2025-07-24T01:10:56","modified_gmt":"2025-07-23T23:10:56","slug":"marc-a-ete-chauffeur-routier-toute-sa-vie-aujourdhui-retraite-voici-combien-il-gagne","status":"publish","type":"post","link":"https:\/\/velds.com\/blog\/marc-a-ete-chauffeur-routier-toute-sa-vie-aujourdhui-retraite-voici-combien-il-gagne\/","title":{"rendered":"Marc a \u00e9t\u00e9 chauffeur routier toute sa vie : aujourd&rsquo;hui \u00e0 la retraite, voici combien il gagne"},"content":{"rendered":"<p>Apr\u00e8s des d\u00e9cennies sur les routes de France, Marc profite aujourd&rsquo;hui d&rsquo;une retraite bien m\u00e9rit\u00e9e. Son parcours illustre celui de nombreux professionnels du transport routier qui s&rsquo;interrogent sur leur avenir financier apr\u00e8s une vie au volant. Observons ensemble le montant de sa pension et les dispositifs sp\u00e9cifiques dont il b\u00e9n\u00e9ficie.<\/p>\n<h2>La pension de retraite d&rsquo;un chauffeur routier en chiffres<\/h2>\n<p>Apr\u00e8s 35 ans pass\u00e9s au volant de son poids lourd, Marc per\u00e7oit aujourd&rsquo;hui une <strong>pension mensuelle de 1 187 euros<\/strong>. Ce montant correspond \u00e0 la moyenne observ\u00e9e chez les chauffeurs routiers ayant exerc\u00e9 dans le secteur priv\u00e9 toute leur carri\u00e8re. \u00ab\u00a0J&rsquo;ai commenc\u00e9 \u00e0 conduire \u00e0 22 ans et je n&rsquo;ai jamais fait autre chose\u00a0\u00bb, confie-t-il.<\/p>\n<p>Plusieurs facteurs d\u00e9terminent cette somme finale :<\/p>\n<ul>\n<li>Les 25 meilleures ann\u00e9es de salaire<\/li>\n<li>Le nombre total de trimestres valid\u00e9s<\/li>\n<li>L&rsquo;\u00e2ge de d\u00e9part \u00e0 la retraite<\/li>\n<li>Le r\u00e9gime de retraite applicable<\/li>\n<\/ul>\n<p>La plupart des conducteurs comme Marc cessent leur activit\u00e9 vers 64 ans. Certains peuvent partir plus t\u00f4t s&rsquo;ils ont d\u00e9marr\u00e9 tr\u00e8s jeunes ou accumul\u00e9 suffisamment de trimestres. Les chauffeurs ind\u00e9pendants suivent un parcours similaire mais avec des variations li\u00e9es \u00e0 leurs cotisations souvent irr\u00e9guli\u00e8res.<\/p>\n<p>\u00c0 cette pension de base s&rsquo;ajoute une <strong>retraite compl\u00e9mentaire g\u00e9r\u00e9e par l&rsquo;Agirc-Arrco<\/strong> pour les salari\u00e9s du priv\u00e9. Ce compl\u00e9ment, bas\u00e9 sur un syst\u00e8me de points accumul\u00e9s durant la carri\u00e8re, a \u00e9t\u00e9 revaloris\u00e9 cette ann\u00e9e. Les chauffeurs du secteur public b\u00e9n\u00e9ficient quant \u00e0 eux de la RAFP (Retraite Additionnelle de la Fonction Publique).<\/p>\n<table>\n<tr>\n<th>Type de pension<\/th>\n<th>Montant moyen mensuel<\/th>\n<th>Organisme gestionnaire<\/th>\n<\/tr>\n<tr>\n<td>Pension de base<\/td>\n<td>850\u20ac<\/td>\n<td>Assurance retraite<\/td>\n<\/tr>\n<tr>\n<td>Compl\u00e9mentaire (priv\u00e9)<\/td>\n<td>337\u20ac<\/td>\n<td>Agirc-Arrco<\/td>\n<\/tr>\n<tr>\n<td>Total moyen<\/td>\n<td>1 187\u20ac<\/td>\n<td>&#8211;<\/td>\n<\/tr>\n<\/table>\n<h2>L&rsquo;allocation CFA : un avantage sp\u00e9cifique pour les conducteurs<\/h2>\n<p>La particularit\u00e9 du parcours de Marc r\u00e9side dans son acc\u00e8s \u00e0 <em>l&rsquo;allocation de Cong\u00e9 de Fin d&rsquo;Activit\u00e9<\/em> (CFA). Ce dispositif unique permet aux chauffeurs routiers de cesser leur activit\u00e9 avant l&rsquo;\u00e2ge l\u00e9gal de d\u00e9part \u00e0 la retraite tout en percevant un revenu de substitution.<\/p>\n<p>Marc explique : \u00ab\u00a0J&rsquo;ai pu arr\u00eater de conduire \u00e0 59 ans gr\u00e2ce au CFA. Vu la p\u00e9nibilit\u00e9 du m\u00e9tier, c&rsquo;\u00e9tait vraiment n\u00e9cessaire pour ma sant\u00e9.\u00a0\u00bb Pour b\u00e9n\u00e9ficier de cette allocation, il a d\u00fb respecter des <strong>conditions d&rsquo;\u00e9ligibilit\u00e9 strictes<\/strong> :<\/p>\n<ol>\n<li>Avoir cumul\u00e9 au moins 26 ans d&rsquo;exp\u00e9rience comme conducteur de transport de marchandises<\/li>\n<li>Atteindre l&rsquo;\u00e2ge minimum requis (59 ans depuis 2023)<\/li>\n<li>Justifier d&rsquo;une activit\u00e9 continue dans le secteur<\/li>\n<li>D\u00e9poser un dossier complet aupr\u00e8s des organismes concern\u00e9s<\/li>\n<\/ol>\n<p>Le montant de cette allocation repr\u00e9sente <em>70% du salaire annuel brut moyen<\/em> calcul\u00e9 sur les 12 derniers mois d&rsquo;activit\u00e9. Pour Marc, cela s&rsquo;est traduit par environ 1 680 euros mensuels pendant cette p\u00e9riode transitoire, avant de basculer vers sa pension de retraite d\u00e9finitive.<\/p>\n<p>Les chauffeurs de transport de voyageurs peuvent b\u00e9n\u00e9ficier d&rsquo;un taux plus avantageux allant jusqu&rsquo;\u00e0 75%. Les convoyeurs de fonds sont soumis \u00e0 des conditions particuli\u00e8res avec seulement 20 ans d&rsquo;exp\u00e9rience requise, compte tenu des risques sp\u00e9cifiques li\u00e9s \u00e0 leur profession.<\/p>\n<h2>Pr\u00e9parer sa retraite quand on sillonne les routes<\/h2>\n<p>La planification financi\u00e8re s&rsquo;av\u00e8re essentielle pour les professionnels de la route. Marc reconna\u00eet avoir sous-estim\u00e9 l&rsquo;importance de cette pr\u00e9paration : \u00ab\u00a0Si j&rsquo;avais su plus t\u00f4t, j&rsquo;aurais peut-\u00eatre compl\u00e9t\u00e9 avec une \u00e9pargne personnelle.\u00a0\u00bb<\/p>\n<p>Les chauffeurs routiers actuellement en activit\u00e9 peuvent optimiser leur future pension en adoptant plusieurs strat\u00e9gies :<\/p>\n<p>D&rsquo;abord, <strong>v\u00e9rifier r\u00e9guli\u00e8rement leur relev\u00e9 de carri\u00e8re<\/strong> pour s&rsquo;assurer que tous les trimestres sont correctement comptabilis\u00e9s. Ensuite, se renseigner sur les dispositifs sp\u00e9cifiques comme le CFA plusieurs ann\u00e9es avant l&rsquo;\u00e2ge pr\u00e9vu de cessation d&rsquo;activit\u00e9. Enfin, envisager des compl\u00e9ments d&rsquo;\u00e9pargne individuels adapt\u00e9s \u00e0 leur situation.<\/p>\n<p>Pour les chauffeurs ind\u00e9pendants, la vigilance doit \u00eatre encore plus grande concernant la r\u00e9gularit\u00e9 des cotisations, souvent fluctuantes en fonction de l&rsquo;activit\u00e9. Marc conclut : \u00ab\u00a0Mon conseil aux jeunes routiers : pensez \u00e0 votre retraite d\u00e8s le d\u00e9but, m\u00eame si \u00e7a para\u00eet loin. Les kilom\u00e8tres passent vite!\u00a0\u00bb<\/p>\n","protected":false},"excerpt":{"rendered":"<p>Apr\u00e8s des d\u00e9cennies sur les routes de France, Marc profite aujourd&rsquo;hui d&rsquo;une retraite bien m\u00e9rit\u00e9e. Son parcours illustre celui de nombreux professionnels du transport routier qui s&rsquo;interrogent sur leur avenir financier apr\u00e8s une vie au volant. Observons ensemble le montant de sa pension et les dispositifs sp\u00e9cifiques dont il b\u00e9n\u00e9ficie. La pension de retraite d&rsquo;un [&hellip;]<\/p>\n","protected":false},"author":1,"featured_media":1174,"comment_status":"open","ping_status":"open","sticky":false,"template":"","format":"standard","meta":{"_seopress_robots_primary_cat":"none","_seopress_titles_title":"","_seopress_titles_desc":"","_seopress_robots_index":"","footnotes":""},"categories":[14],"tags":[],"class_list":{"0":"post-1170","1":"post","2":"type-post","3":"status-publish","4":"format-standard","5":"has-post-thumbnail","7":"category-retraite"},"_links":{"self":[{"href":"https:\/\/velds.com\/blog\/wp-json\/wp\/v2\/posts\/1170","targetHints":{"allow":["GET"]}}],"collection":[{"href":"https:\/\/velds.com\/blog\/wp-json\/wp\/v2\/posts"}],"about":[{"href":"https:\/\/velds.com\/blog\/wp-json\/wp\/v2\/types\/post"}],"author":[{"embeddable":true,"href":"https:\/\/velds.com\/blog\/wp-json\/wp\/v2\/users\/1"}],"replies":[{"embeddable":true,"href":"https:\/\/velds.com\/blog\/wp-json\/wp\/v2\/comments?post=1170"}],"version-history":[{"count":1,"href":"https:\/\/velds.com\/blog\/wp-json\/wp\/v2\/posts\/1170\/revisions"}],"predecessor-version":[{"id":1176,"href":"https:\/\/velds.com\/blog\/wp-json\/wp\/v2\/posts\/1170\/revisions\/1176"}],"wp:featuredmedia":[{"embeddable":true,"href":"https:\/\/velds.com\/blog\/wp-json\/wp\/v2\/media\/1174"}],"wp:attachment":[{"href":"https:\/\/velds.com\/blog\/wp-json\/wp\/v2\/media?parent=1170"}],"wp:term":[{"taxonomy":"category","embeddable":true,"href":"https:\/\/velds.com\/blog\/wp-json\/wp\/v2\/categories?post=1170"},{"taxonomy":"post_tag","embeddable":true,"href":"https:\/\/velds.com\/blog\/wp-json\/wp\/v2\/tags?post=1170"}],"curies":[{"name":"wp","href":"https:\/\/api.w.org\/{rel}","templated":true}]}}