{"id":662,"date":"2025-07-16T09:26:40","date_gmt":"2025-07-16T07:26:40","guid":{"rendered":"https:\/\/velds.com\/blog\/?p=662"},"modified":"2025-07-16T03:26:52","modified_gmt":"2025-07-16T01:26:52","slug":"je-suis-employe-action-depuis-2-ans-voici-montant-mon-salaire-mensuel-2","status":"publish","type":"post","link":"https:\/\/velds.com\/blog\/je-suis-employe-action-depuis-2-ans-voici-montant-mon-salaire-mensuel-2\/","title":{"rendered":"Je suis employ\u00e9 chez Action depuis 2 ans : \u00ab\u00a0voici le montant de mon salaire mensuel\u00a0\u00bb"},"content":{"rendered":"<p>Travailler chez Action est une exp\u00e9rience professionnelle que je partage depuis maintenant deux ans. Cette enseigne discount, qui conna\u00eet une expansion remarquable en France, suscite beaucoup de curiosit\u00e9 concernant les conditions salariales. Je vous d\u00e9voile aujourd&rsquo;hui ma r\u00e9mun\u00e9ration mensuelle et vous partage mon v\u00e9cu au sein de cette cha\u00eene de magasins populaire.<\/p>\n<h2>Ma r\u00e9mun\u00e9ration mensuelle compl\u00e8te chez Action<\/h2>\n<p>En tant qu&#8217;employ\u00e9 \u00e0 temps plein chez Action, <strong>mon salaire brut mensuel s&rsquo;\u00e9l\u00e8ve pr\u00e9cis\u00e9ment \u00e0 1 747 euros<\/strong>. Cette somme correspond au bar\u00e8me standard appliqu\u00e9 par l&rsquo;enseigne pour mon poste. L&rsquo;un des aspects les plus \u00e9quitables de la politique salariale d&rsquo;Action r\u00e9side dans son uniformit\u00e9 nationale.<\/p>\n<p>Que vous travailliez en r\u00e9gion parisienne ou dans une petite commune rurale, <strong>la grille de r\u00e9mun\u00e9ration reste identique pour des fonctions \u00e9quivalentes<\/strong>. Cette approche t\u00e9moigne d&rsquo;une volont\u00e9 d&rsquo;\u00e9quit\u00e9 envers tous les collaborateurs, ind\u00e9pendamment de leur localisation g\u00e9ographique.<\/p>\n<p>Voici comment se structure la hi\u00e9rarchie des salaires chez Action :<\/p>\n<table>\n<tr>\n<th>Poste<\/th>\n<th>Salaire brut mensuel<\/th>\n<\/tr>\n<tr>\n<td>Employ\u00e9 temps partiel<\/td>\n<td>1 198 \u20ac &#8211; 1 747 \u20ac<\/td>\n<\/tr>\n<tr>\n<td>Employ\u00e9 temps plein<\/td>\n<td>1 747 \u20ac<\/td>\n<\/tr>\n<tr>\n<td>Chef de rayon<\/td>\n<td>2 141 \u20ac<\/td>\n<\/tr>\n<tr>\n<td>Responsable de magasin<\/td>\n<td>2 757 \u20ac<\/td>\n<\/tr>\n<\/table>\n<p>Bien que ces montants puissent sembler proches du SMIC pour les postes d&rsquo;entr\u00e9e, ils s&rsquo;accompagnent d&rsquo;avantages compl\u00e9mentaires significatifs qui am\u00e9liorent consid\u00e9rablement le package global.<\/p>\n<h2>Les avantages qui bonifient mon salaire<\/h2>\n<p>Au-del\u00e0 du salaire de base, <strong>plusieurs b\u00e9n\u00e9fices viennent enrichir ma r\u00e9mun\u00e9ration globale<\/strong>. L&rsquo;un des plus appr\u00e9ci\u00e9s reste la remise personnelle de 15% sur tous les achats effectu\u00e9s en magasin. Cette r\u00e9duction repr\u00e9sente une \u00e9conomie substantielle sur mon budget personnel, surtout dans un contexte inflationniste.<\/p>\n<p>Le syst\u00e8me de primes sur objectifs constitue \u00e9galement un levier motivant. Ce m\u00e9canisme encourage les performances individuelles et collectives, permettant d&rsquo;augmenter sensiblement mes revenus mensuels. <i>Les efforts fournis trouvent ainsi une reconnaissance financi\u00e8re directe<\/i>, cr\u00e9ant une dynamique positive au sein des \u00e9quipes.<\/p>\n<p>Les avantages sociaux compl\u00e8tent ce dispositif :<\/p>\n<ul>\n<li>Tickets restaurant facilitant la gestion des repas quotidiens<\/li>\n<li>Mutuelle d&rsquo;entreprise couvrant efficacement les d\u00e9penses de sant\u00e9<\/li>\n<li>Participation aux frais de transport<\/li>\n<li>Possibilit\u00e9s d&rsquo;\u00e9volution interne gr\u00e2ce \u00e0 la formation continue<\/li>\n<li>Prime d&rsquo;anciennet\u00e9 progressive<\/li>\n<\/ul>\n<p>Comme l&rsquo;a d\u00e9clar\u00e9 Robin Roy, directeur des op\u00e9rations pour Action France : <i>\u00ab\u00a0Notre politique de r\u00e9mun\u00e9ration s&rsquo;inscrit dans une vision globale qui d\u00e9passe le simple salaire brut\u00a0\u00bb<\/i>. Cette approche vise tant \u00e0 fid\u00e9liser les collaborateurs actuels qu&rsquo;\u00e0 attirer de nouveaux talents dans un secteur parfois confront\u00e9 \u00e0 des difficult\u00e9s de recrutement.<\/p>\n<h2>Mon quotidien dans une enseigne en pleine expansion<\/h2>\n<p>Travailler chez Action implique d&rsquo;\u00e9voluer dans un environnement particuli\u00e8rement dynamique. <strong>Chaque journ\u00e9e apporte son lot de d\u00e9fis et d&rsquo;interactions<\/strong> dans un contexte d&rsquo;affluence constante. Avec plus de 15 millions de clients hebdomadaires en France, l&rsquo;activit\u00e9 reste soutenue tout au long de l&rsquo;ann\u00e9e.<\/p>\n<p>La croissance exceptionnelle de l&rsquo;enseigne g\u00e9n\u00e8re de nombreuses opportunit\u00e9s professionnelles. Entre 70 et 80 nouveaux magasins ouvrent annuellement sur le territoire fran\u00e7ais, chacun n\u00e9cessitant entre 15 et 60 employ\u00e9s selon sa taille. Cette expansion s&rsquo;appuie sur des performances \u00e9conomiques remarquables : en 2023, le groupe a r\u00e9alis\u00e9 un chiffre d&rsquo;affaires mondial de 11,3 milliards d&rsquo;euros, en progression de 30% par rapport \u00e0 l&rsquo;ann\u00e9e pr\u00e9c\u00e9dente.<\/p>\n<p>La polyvalence constitue une exigence quotidienne qui s&rsquo;av\u00e8re \u00e9galement enrichissante. <strong>La diversit\u00e9 des produits propos\u00e9s rend le travail vari\u00e9 et stimulant<\/strong>, permettant d&rsquo;acqu\u00e9rir des comp\u00e9tences multiples valorisables dans tout le secteur de la distribution. Cette dimension contribue significativement \u00e0 mon d\u00e9veloppement professionnel depuis deux ans.<\/p>\n","protected":false},"excerpt":{"rendered":"<p>Travailler chez Action est une exp\u00e9rience professionnelle que je partage depuis maintenant deux ans. Cette enseigne discount, qui conna\u00eet une expansion remarquable en France, suscite beaucoup de curiosit\u00e9 concernant les conditions salariales. Je vous d\u00e9voile aujourd&rsquo;hui ma r\u00e9mun\u00e9ration mensuelle et vous partage mon v\u00e9cu au sein de cette cha\u00eene de magasins populaire. Ma r\u00e9mun\u00e9ration mensuelle [&hellip;]<\/p>\n","protected":false},"author":1,"featured_media":936,"comment_status":"open","ping_status":"open","sticky":false,"template":"","format":"standard","meta":{"_seopress_robots_primary_cat":"none","_seopress_titles_title":"","_seopress_titles_desc":"","_seopress_robots_index":"","footnotes":""},"categories":[12],"tags":[],"class_list":{"0":"post-662","1":"post","2":"type-post","3":"status-publish","4":"format-standard","5":"has-post-thumbnail","7":"category-emploi"},"_links":{"self":[{"href":"https:\/\/velds.com\/blog\/wp-json\/wp\/v2\/posts\/662","targetHints":{"allow":["GET"]}}],"collection":[{"href":"https:\/\/velds.com\/blog\/wp-json\/wp\/v2\/posts"}],"about":[{"href":"https:\/\/velds.com\/blog\/wp-json\/wp\/v2\/types\/post"}],"author":[{"embeddable":true,"href":"https:\/\/velds.com\/blog\/wp-json\/wp\/v2\/users\/1"}],"replies":[{"embeddable":true,"href":"https:\/\/velds.com\/blog\/wp-json\/wp\/v2\/comments?post=662"}],"version-history":[{"count":1,"href":"https:\/\/velds.com\/blog\/wp-json\/wp\/v2\/posts\/662\/revisions"}],"predecessor-version":[{"id":937,"href":"https:\/\/velds.com\/blog\/wp-json\/wp\/v2\/posts\/662\/revisions\/937"}],"wp:featuredmedia":[{"embeddable":true,"href":"https:\/\/velds.com\/blog\/wp-json\/wp\/v2\/media\/936"}],"wp:attachment":[{"href":"https:\/\/velds.com\/blog\/wp-json\/wp\/v2\/media?parent=662"}],"wp:term":[{"taxonomy":"category","embeddable":true,"href":"https:\/\/velds.com\/blog\/wp-json\/wp\/v2\/categories?post=662"},{"taxonomy":"post_tag","embeddable":true,"href":"https:\/\/velds.com\/blog\/wp-json\/wp\/v2\/tags?post=662"}],"curies":[{"name":"wp","href":"https:\/\/api.w.org\/{rel}","templated":true}]}}