{"id":726,"date":"2025-07-10T11:05:00","date_gmt":"2025-07-10T11:05:00","guid":{"rendered":"https:\/\/velds.com\/blog\/?p=726"},"modified":"2025-07-10T00:27:05","modified_gmt":"2025-07-09T22:27:05","slug":"budget-2026-gouvernement-vise-40-milliards-deuros-deconomies-voici-secteurs-cibles","status":"publish","type":"post","link":"https:\/\/velds.com\/blog\/budget-2026-gouvernement-vise-40-milliards-deuros-deconomies-voici-secteurs-cibles\/","title":{"rendered":"Budget 2026 : le gouvernement vise 40 milliards d\u2019euros d&rsquo;\u00e9conomies, voici les secteurs cibl\u00e9s"},"content":{"rendered":"\n<p>Face \u00e0 une situation budg\u00e9taire pr\u00e9occupante, l&rsquo;ex\u00e9cutif fran\u00e7ais d\u00e9voile sa strat\u00e9gie pour redresser les finances publiques. Le plan ambitieux vise \u00e0 r\u00e9duire le d\u00e9ficit public tout en pr\u00e9servant la cr\u00e9dibilit\u00e9 de la France aupr\u00e8s de ses partenaires europ\u00e9ens.<\/p>\n\n\n\n<h2 class=\"wp-block-heading\">Le plan d&rsquo;aust\u00e9rit\u00e9 de 40 milliards d&rsquo;euros pour r\u00e9tablir l&rsquo;\u00e9quilibre budg\u00e9taire<\/h2>\n\n\n\n<p>Le gouvernement dirig\u00e9 par Fran\u00e7ois Bayrou s&rsquo;engage dans un vaste programme d&rsquo;\u00e9conomies pour l&rsquo;ann\u00e9e 2026. L&rsquo;objectif principal est de ramener le d\u00e9ficit public \u00e0 4,6% du PIB, marquant une r\u00e9duction de 0,8 point par rapport aux pr\u00e9visions pour 2025. Cette d\u00e9marche s&rsquo;inscrit dans une strat\u00e9gie \u00e0 long terme visant un retour sous le seuil des 3% d&rsquo;ici 2029, conform\u00e9ment aux <strong>exigences du pacte de stabilit\u00e9 europ\u00e9en<\/strong>.<\/p>\n\n\n\n<p>Am\u00e9lie de Montchalin, ministre des Comptes publics, a chiffr\u00e9 l&rsquo;effort n\u00e9cessaire \u00e0 40 milliards d&rsquo;euros. Ce montant consid\u00e9rable prend en compte l&rsquo;augmentation naturelle des d\u00e9penses publiques qui interviendrait sans mesures correctives. <i>La conf\u00e9rence sur les finances publiques<\/i> programm\u00e9e le 15 avril \u00e0 Matignon posera les fondations de cette strat\u00e9gie, suivie d\u00e8s le lendemain par la pr\u00e9sentation du programme de stabilit\u00e9 en Conseil des ministres.<\/p>\n\n\n\n<p>Les facteurs ayant conduit \u00e0 cette situation sont multiples :<\/p>\n\n\n\n<ul class=\"wp-block-list\">\n<li>Un ralentissement significatif de la croissance \u00e9conomique<\/li>\n\n\n\n<li>Des d\u00e9penses sociales en constante augmentation<\/li>\n\n\n\n<li>Un affaiblissement pr\u00e9occupant des recettes fiscales<\/li>\n\n\n\n<li>Des tensions g\u00e9opolitiques impactant l&rsquo;\u00e9conomie europ\u00e9enne<\/li>\n<\/ul>\n\n\n\n<h2 class=\"wp-block-heading\">R\u00e9partition des \u00e9conomies entre les piliers de la d\u00e9pense publique<\/h2>\n\n\n\n<p>La ventilation des 40 milliards d&rsquo;euros d&rsquo;\u00e9conomies suivra une logique de r\u00e9partition entre les trois grands p\u00f4les de la d\u00e9pense publique. Selon les informations r\u00e9v\u00e9l\u00e9es par L&rsquo;Opinion, <strong>l&rsquo;\u00c9tat supportera 14 milliards d&rsquo;euros<\/strong> d&rsquo;efforts, principalement via un gel des d\u00e9penses en euros courants, ce qui \u00e9quivaut \u00e0 une r\u00e9duction r\u00e9elle une fois l&rsquo;inflation prise en compte.<\/p>\n\n\n\n<p>Les collectivit\u00e9s territoriales devront contribuer \u00e0 hauteur de 8 milliards d&rsquo;euros, un montant qui pourrait g\u00e9n\u00e9rer des frictions significatives \u00e0 l&rsquo;approche des \u00e9lections municipales. Cette contribution repr\u00e9sente un d\u00e9fi majeur pour maintenir l&rsquo;\u00e9quilibre des services publics locaux tout en participant \u00e0 l&rsquo;effort national.<\/p>\n\n\n\n<p>La part la plus importante revient \u00e0 <strong>la S\u00e9curit\u00e9 sociale avec 18 milliards d&rsquo;euros<\/strong> d&rsquo;\u00e9conomies \u00e0 r\u00e9aliser. Ce niveau d&rsquo;ajustement sans pr\u00e9c\u00e9dent soul\u00e8ve des inqui\u00e9tudes quant \u00e0 la p\u00e9rennit\u00e9 du syst\u00e8me d&rsquo;assurance-maladie, d\u00e9j\u00e0 fragilis\u00e9 selon ses responsables.<\/p>\n\n\n\n<figure class=\"wp-block-table\"><table class=\"has-fixed-layout\"><tbody><tr><th>Secteur<\/th><th>Montant d&rsquo;\u00e9conomies (milliards \u20ac)<\/th><th>M\u00e9thode principale<\/th><\/tr><tr><td>\u00c9tat<\/td><td>14<\/td><td>Gel des d\u00e9penses en euros courants<\/td><\/tr><tr><td>Collectivit\u00e9s territoriales<\/td><td>8<\/td><td>R\u00e9duction des dotations<\/td><\/tr><tr><td>S\u00e9curit\u00e9 sociale<\/td><td>18<\/td><td>Optimisation des d\u00e9penses de sant\u00e9<\/td><\/tr><\/tbody><\/table><\/figure>\n\n\n\n<h2 class=\"wp-block-heading\">Les d\u00e9fis politiques d&rsquo;un budget sous tension<\/h2>\n\n\n\n<p>L&rsquo;adoption du budget 2026 s&rsquo;annonce comme un parcours sem\u00e9 d&#8217;emb\u00fbches pour l&rsquo;ex\u00e9cutif. Le contexte politique actuel, marqu\u00e9 par une <strong>majorit\u00e9 relative au Parlement<\/strong>, complique consid\u00e9rablement la t\u00e2che du gouvernement. Le pr\u00e9c\u00e9dent budget 2025 a d\u00e9j\u00e0 n\u00e9cessit\u00e9 le recours \u00e0 l&rsquo;article 49.3 et un compromis fragile avec le Parti socialiste.<\/p>\n\n\n\n<p>Fran\u00e7ois Bayrou mise sur la transparence et la p\u00e9dagogie pour obtenir les soutiens n\u00e9cessaires. Cette approche vise \u00e0 convaincre tant les parlementaires que l&rsquo;opinion publique de la n\u00e9cessit\u00e9 des mesures propos\u00e9es, dans un contexte o\u00f9 <i>les mesures d&rsquo;aust\u00e9rit\u00e9 rencontrent traditionnellement une forte r\u00e9sistance<\/i>.<\/p>\n\n\n\n<p>Le chef de l&rsquo;\u00c9tat privil\u00e9gie quant \u00e0 lui des r\u00e9formes structurelles ax\u00e9es sur l&#8217;emploi, notamment une nouvelle refonte de l&rsquo;assurance ch\u00f4mage. L&rsquo;objectif est double :<\/p>\n\n\n\n<ol class=\"wp-block-list\">\n<li>Stimuler l&rsquo;activit\u00e9 \u00e9conomique pour g\u00e9n\u00e9rer de la croissance<\/li>\n\n\n\n<li>Augmenter les recettes fiscales sans recourir \u00e0 de nouvelles taxes<\/li>\n\n\n\n<li>Pr\u00e9server les fonctions r\u00e9galiennes de l&rsquo;\u00c9tat<\/li>\n\n\n\n<li>Maintenir la cr\u00e9dibilit\u00e9 de la France aupr\u00e8s des institutions europ\u00e9ennes<\/li>\n<\/ol>\n\n\n\n<p>La trajectoire budg\u00e9taire pr\u00e9sent\u00e9e par la France sera scrut\u00e9e attentivement par la Commission europ\u00e9enne. La cible de 4,6% de d\u00e9ficit pour 2026 correspond \u00e0 celle fix\u00e9e pr\u00e9c\u00e9demment sous le gouvernement de Michel Barnier, t\u00e9moignant d&rsquo;une <strong>volont\u00e9 de continuit\u00e9 dans la politique de redressement financier<\/strong> malgr\u00e9 les changements politiques et les al\u00e9as internationaux.<\/p>\n","protected":false},"excerpt":{"rendered":"<p>Face \u00e0 une situation budg\u00e9taire pr\u00e9occupante, l&rsquo;ex\u00e9cutif fran\u00e7ais d\u00e9voile sa strat\u00e9gie pour redresser les finances publiques. Le plan ambitieux vise \u00e0 r\u00e9duire le d\u00e9ficit public tout en pr\u00e9servant la cr\u00e9dibilit\u00e9 de la France aupr\u00e8s de ses partenaires europ\u00e9ens. Le plan d&rsquo;aust\u00e9rit\u00e9 de 40 milliards d&rsquo;euros pour r\u00e9tablir l&rsquo;\u00e9quilibre budg\u00e9taire Le gouvernement dirig\u00e9 par Fran\u00e7ois Bayrou [&hellip;]<\/p>\n","protected":false},"author":1,"featured_media":739,"comment_status":"open","ping_status":"open","sticky":false,"template":"","format":"standard","meta":{"_seopress_robots_primary_cat":"none","_seopress_titles_title":"","_seopress_titles_desc":"","_seopress_robots_index":"","footnotes":""},"categories":[11],"tags":[],"class_list":{"0":"post-726","1":"post","2":"type-post","3":"status-publish","4":"format-standard","5":"has-post-thumbnail","7":"category-economie"},"_links":{"self":[{"href":"https:\/\/velds.com\/blog\/wp-json\/wp\/v2\/posts\/726","targetHints":{"allow":["GET"]}}],"collection":[{"href":"https:\/\/velds.com\/blog\/wp-json\/wp\/v2\/posts"}],"about":[{"href":"https:\/\/velds.com\/blog\/wp-json\/wp\/v2\/types\/post"}],"author":[{"embeddable":true,"href":"https:\/\/velds.com\/blog\/wp-json\/wp\/v2\/users\/1"}],"replies":[{"embeddable":true,"href":"https:\/\/velds.com\/blog\/wp-json\/wp\/v2\/comments?post=726"}],"version-history":[{"count":1,"href":"https:\/\/velds.com\/blog\/wp-json\/wp\/v2\/posts\/726\/revisions"}],"predecessor-version":[{"id":742,"href":"https:\/\/velds.com\/blog\/wp-json\/wp\/v2\/posts\/726\/revisions\/742"}],"wp:featuredmedia":[{"embeddable":true,"href":"https:\/\/velds.com\/blog\/wp-json\/wp\/v2\/media\/739"}],"wp:attachment":[{"href":"https:\/\/velds.com\/blog\/wp-json\/wp\/v2\/media?parent=726"}],"wp:term":[{"taxonomy":"category","embeddable":true,"href":"https:\/\/velds.com\/blog\/wp-json\/wp\/v2\/categories?post=726"},{"taxonomy":"post_tag","embeddable":true,"href":"https:\/\/velds.com\/blog\/wp-json\/wp\/v2\/tags?post=726"}],"curies":[{"name":"wp","href":"https:\/\/api.w.org\/{rel}","templated":true}]}}