{"id":814,"date":"2025-07-12T10:35:00","date_gmt":"2025-07-12T10:35:00","guid":{"rendered":"https:\/\/velds.com\/blog\/?p=814"},"modified":"2025-07-12T00:21:22","modified_gmt":"2025-07-11T22:21:22","slug":"150-euros-daide-mois-faire-vos-courses-coup-pouce-exceptionnel-nombreux-francais","status":"publish","type":"post","link":"https:\/\/velds.com\/blog\/150-euros-daide-mois-faire-vos-courses-coup-pouce-exceptionnel-nombreux-francais\/","title":{"rendered":"150 euros d&rsquo;aide par mois pour faire vos courses ? Ce coup de pouce exceptionnel pour de nombreux Fran\u00e7ais"},"content":{"rendered":"<p>Face \u00e0 l&rsquo;inflation galopante et aux difficult\u00e9s croissantes pour se nourrir correctement, une aide mensuelle de 150 euros pour faire ses courses pourrait bient\u00f4t devenir r\u00e9alit\u00e9 pour de nombreux Fran\u00e7ais. Ce dispositif innovant, port\u00e9 par le d\u00e9put\u00e9 \u00e9cologiste Charles Fournier, vise \u00e0 garantir l&rsquo;acc\u00e8s \u00e0 une alimentation de qualit\u00e9 pour tous. Passons en revue ensemble les contours de cette proposition qui fait d\u00e9j\u00e0 ses preuves dans certaines localit\u00e9s.<\/p>\n<h2>Une r\u00e9ponse concr\u00e8te \u00e0 la pr\u00e9carit\u00e9 alimentaire<\/h2>\n<p>Le constat est alarmant : <strong>une personne sur six en France saute des repas faute de moyens suffisants<\/strong>. Cette statistique r\u00e9v\u00e9l\u00e9e par le Cr\u00e9doc en 2023 illustre l&rsquo;ampleur de la pr\u00e9carit\u00e9 alimentaire dans l&rsquo;Hexagone. Entre le loyer, les factures d&rsquo;\u00e9nergie et les autres d\u00e9penses incompressibles, l&rsquo;alimentation devient souvent la variable d&rsquo;ajustement dans les budgets des m\u00e9nages.<\/p>\n<p>Charles Fournier, \u00e0 l&rsquo;origine de cette initiative, explique la logique \u00e9conomique qui sous-tend sa proposition : <em>\u00ab\u00a0Aujourd&rsquo;hui, les d\u00e9penses de sant\u00e9 sont faramineuses, on a un syst\u00e8me alimentaire d\u00e9faillant qui co\u00fbte tr\u00e8s cher, donc il s&rsquo;agirait de faire un transfert de d\u00e9penses d\u00e9j\u00e0 existantes.\u00a0\u00bb<\/em> L&rsquo;id\u00e9e est simple mais r\u00e9volutionnaire : cr\u00e9er une sorte de \u00ab\u00a0carte vitale de l&rsquo;alimentation\u00a0\u00bb permettant aux b\u00e9n\u00e9ficiaires d&rsquo;acheter des produits sains sans se ruiner.<\/p>\n<p>Cette aide de 150 euros mensuels r\u00e9pond \u00e0 un double objectif :<\/p>\n<ul>\n<li>Lutter contre la pr\u00e9carit\u00e9 alimentaire touchant des millions de Fran\u00e7ais<\/li>\n<li>Faciliter l&rsquo;acc\u00e8s \u00e0 une alimentation saine et \u00e9quilibr\u00e9e<\/li>\n<li>Soutenir les producteurs locaux et les circuits courts<\/li>\n<li>Pr\u00e9venir les probl\u00e8mes de sant\u00e9 li\u00e9s \u00e0 la malnutrition<\/li>\n<\/ul>\n<h2>Des exp\u00e9rimentations prometteuses d\u00e9j\u00e0 en cours<\/h2>\n<p>Si cette proposition peut sembler utopique \u00e0 premi\u00e8re vue, elle est d\u00e9j\u00e0 exp\u00e9riment\u00e9e avec succ\u00e8s dans certaines villes fran\u00e7aises. <strong>\u00c0 Bordeaux, 150 \u00e9tudiants ont b\u00e9n\u00e9fici\u00e9 d&rsquo;une aide de 100 euros mensuels<\/strong> en monnaie locale pendant neuf mois, d&rsquo;octobre 2023 \u00e0 juin 2024. Au total, ce sont environ 400 personnes qui ont d\u00e9j\u00e0 pu tester ce dispositif \u00e0 travers le pays.<\/p>\n<p>Les r\u00e9sultats de ces premi\u00e8res exp\u00e9rimentations sont encourageants, comme le souligne Dominique Nicolas, pr\u00e9sident de l&rsquo;association Crepaq : <em>\u00ab\u00a0J&rsquo;y crois, parce que cela permettrait de revenir aux fondamentaux de la s\u00e9curit\u00e9 sociale telle qu&rsquo;elle a \u00e9t\u00e9 institu\u00e9e en 1946.\u00a0\u00bb<\/em> Cette vision fait \u00e9cho \u00e0 l&rsquo;ambition initiale de la s\u00e9curit\u00e9 sociale : garantir \u00e0 tous l&rsquo;acc\u00e8s aux besoins fondamentaux, dont l&rsquo;alimentation fait incontestablement partie.<\/p>\n<p>Voici comment les b\u00e9n\u00e9ficiaires peuvent utiliser cette aide :<\/p>\n<table>\n<tr>\n<th>Type de produits<\/th>\n<th>Exemples<\/th>\n<th>Avantages<\/th>\n<\/tr>\n<tr>\n<td>Produits frais locaux<\/td>\n<td>Fruits, l\u00e9gumes, viandes<\/td>\n<td>Soutien aux producteurs locaux<\/td>\n<\/tr>\n<tr>\n<td>Aliments de base<\/td>\n<td>\u0152ufs, produits laitiers, c\u00e9r\u00e9ales<\/td>\n<td>Alimentation \u00e9quilibr\u00e9e<\/td>\n<\/tr>\n<tr>\n<td>Produits biologiques<\/td>\n<td>L\u00e9gumineuses, huiles, farines<\/td>\n<td>R\u00e9duction des pesticides ing\u00e9r\u00e9s<\/td>\n<\/tr>\n<\/table>\n<h2>Un financement partag\u00e9 pour une mise en \u0153uvre durable<\/h2>\n<p>La question du financement reste centrale pour assurer la p\u00e9rennit\u00e9 d&rsquo;un tel dispositif. Selon les informations r\u00e9v\u00e9l\u00e9es par RMC Conso le 17 f\u00e9vrier 2025, <strong>le mod\u00e8le \u00e9conomique envisag\u00e9 repose sur une r\u00e9partition \u00e9quilibr\u00e9e des contributions<\/strong>. L&rsquo;\u00c9tat ne serait pas le seul \u00e0 mettre la main \u00e0 la poche : la moiti\u00e9 des fonds proviendrait d&rsquo;une \u00ab\u00a0s\u00e9curit\u00e9 sociale de l&rsquo;alimentation\u00a0\u00bb, compl\u00e9t\u00e9e par les collectivit\u00e9s locales et une cotisation citoyenne volontaire.<\/p>\n<p>Cette approche multi-contributeurs pr\u00e9sente plusieurs avantages :<\/p>\n<ol>\n<li>R\u00e9partition de l&rsquo;effort financier entre diff\u00e9rents acteurs<\/li>\n<li>Implication des citoyens dans un projet de soci\u00e9t\u00e9 solidaire<\/li>\n<li>Responsabilisation des collectivit\u00e9s territoriales<\/li>\n<li>Cr\u00e9ation d&rsquo;un cercle vertueux \u00e9conomique et social<\/li>\n<\/ol>\n<p>Si le gouvernement n&rsquo;a pas encore valid\u00e9 officiellement la g\u00e9n\u00e9ralisation de cette aide, la proposition de loi pr\u00e9vue pour le 20 f\u00e9vrier pourrait marquer un tournant d\u00e9cisif. <em>En attendant une potentielle extension nationale, les initiatives locales continuent de se d\u00e9velopper<\/em>, d\u00e9montrant la faisabilit\u00e9 et l&rsquo;utilit\u00e9 d&rsquo;un tel dispositif pour les populations les plus vuln\u00e9rables.<\/p>\n<p>Au-del\u00e0 de son impact imm\u00e9diat sur le pouvoir d&rsquo;achat des m\u00e9nages, cette aide de 150 euros pour les courses alimentaires pourrait transformer durablement notre rapport \u00e0 l&rsquo;alimentation et \u00e0 la solidarit\u00e9, tout en offrant un soutien pr\u00e9cieux aux agriculteurs fran\u00e7ais.<\/p>\n","protected":false},"excerpt":{"rendered":"<p>Face \u00e0 l&rsquo;inflation galopante et aux difficult\u00e9s croissantes pour se nourrir correctement, une aide mensuelle de 150 euros pour faire ses courses pourrait bient\u00f4t devenir r\u00e9alit\u00e9 pour de nombreux Fran\u00e7ais. Ce dispositif innovant, port\u00e9 par le d\u00e9put\u00e9 \u00e9cologiste Charles Fournier, vise \u00e0 garantir l&rsquo;acc\u00e8s \u00e0 une alimentation de qualit\u00e9 pour tous. Passons en revue ensemble [&hellip;]<\/p>\n","protected":false},"author":1,"featured_media":830,"comment_status":"open","ping_status":"open","sticky":false,"template":"","format":"standard","meta":{"_seopress_robots_primary_cat":"none","_seopress_titles_title":"","_seopress_titles_desc":"","_seopress_robots_index":"","footnotes":""},"categories":[8],"tags":[],"class_list":{"0":"post-814","1":"post","2":"type-post","3":"status-publish","4":"format-standard","5":"has-post-thumbnail","7":"category-aides"},"_links":{"self":[{"href":"https:\/\/velds.com\/blog\/wp-json\/wp\/v2\/posts\/814","targetHints":{"allow":["GET"]}}],"collection":[{"href":"https:\/\/velds.com\/blog\/wp-json\/wp\/v2\/posts"}],"about":[{"href":"https:\/\/velds.com\/blog\/wp-json\/wp\/v2\/types\/post"}],"author":[{"embeddable":true,"href":"https:\/\/velds.com\/blog\/wp-json\/wp\/v2\/users\/1"}],"replies":[{"embeddable":true,"href":"https:\/\/velds.com\/blog\/wp-json\/wp\/v2\/comments?post=814"}],"version-history":[{"count":1,"href":"https:\/\/velds.com\/blog\/wp-json\/wp\/v2\/posts\/814\/revisions"}],"predecessor-version":[{"id":835,"href":"https:\/\/velds.com\/blog\/wp-json\/wp\/v2\/posts\/814\/revisions\/835"}],"wp:featuredmedia":[{"embeddable":true,"href":"https:\/\/velds.com\/blog\/wp-json\/wp\/v2\/media\/830"}],"wp:attachment":[{"href":"https:\/\/velds.com\/blog\/wp-json\/wp\/v2\/media?parent=814"}],"wp:term":[{"taxonomy":"category","embeddable":true,"href":"https:\/\/velds.com\/blog\/wp-json\/wp\/v2\/categories?post=814"},{"taxonomy":"post_tag","embeddable":true,"href":"https:\/\/velds.com\/blog\/wp-json\/wp\/v2\/tags?post=814"}],"curies":[{"name":"wp","href":"https:\/\/api.w.org\/{rel}","templated":true}]}}