{"id":907,"date":"2025-07-15T11:05:00","date_gmt":"2025-07-15T11:05:00","guid":{"rendered":"https:\/\/velds.com\/blog\/?p=907"},"modified":"2025-07-15T01:20:10","modified_gmt":"2025-07-14T23:20:10","slug":"900-eur-daide-caf-enfin-disponible-voici-tous-francais-concernes","status":"publish","type":"post","link":"https:\/\/velds.com\/blog\/900-eur-daide-caf-enfin-disponible-voici-tous-francais-concernes\/","title":{"rendered":"900 \u20ac d&rsquo;aide de la CAF enfin disponible, voici tous les Fran\u00e7ais concern\u00e9s"},"content":{"rendered":"<p>La Caisse d&rsquo;Allocations Familiales (CAF) met \u00e0 disposition une aide financi\u00e8re pouvant atteindre 900 euros pour soutenir les m\u00e9nages fran\u00e7ais dans l&rsquo;\u00e9quipement de leur logement. Cette subvention, m\u00e9connue mais pr\u00e9cieuse, s&rsquo;adresse aux personnes en difficult\u00e9 financi\u00e8re souhaitant acqu\u00e9rir des \u00e9quipements essentiels pour leur foyer. \u00c9tudions ensemble les conditions d&rsquo;\u00e9ligibilit\u00e9 et les d\u00e9marches pour b\u00e9n\u00e9ficier de ce soutien substantiel.<\/p>\n<h2>Une subvention de 900 euros pour \u00e9quiper son logement<\/h2>\n<p>Dans un contexte \u00e9conomique difficile, <strong>la Caisse d&rsquo;Allocations Familiales propose une aide financi\u00e8re significative<\/strong> pour permettre aux Fran\u00e7ais modestes d&rsquo;acqu\u00e9rir des biens essentiels. Cette prestation, qui peut atteindre jusqu&rsquo;\u00e0 900 euros, r\u00e9pond \u00e0 un besoin concret : faciliter l&rsquo;acc\u00e8s \u00e0 l&rsquo;\u00e9lectrom\u00e9nager, au mobilier et au mat\u00e9riel informatique.<\/p>\n<p>Le montant exact de cette allocation varie selon plusieurs facteurs. <strong>La composition du foyer et le quotient familial<\/strong> constituent les principaux crit\u00e8res d&rsquo;\u00e9valuation. La CAF privil\u00e9gie une approche personnalis\u00e9e, \u00e9tudiant chaque situation individuellement pour d\u00e9terminer le niveau d&rsquo;aide appropri\u00e9.<\/p>\n<p>Face \u00e0 l&rsquo;inflation galopante et \u00e0 l&rsquo;augmentation constante des prix, cette subvention repr\u00e9sente un v\u00e9ritable ballon d&rsquo;oxyg\u00e8ne. <em>L&rsquo;acquisition d&rsquo;\u00e9quipements domestiques de premi\u00e8re n\u00e9cessit\u00e9 devient de plus en plus on\u00e9reuse<\/em>, avec des appareils comme les r\u00e9frig\u00e9rateurs ou les machines \u00e0 laver d\u00e9passant facilement plusieurs centaines d&rsquo;euros.<\/p>\n<table border=\"1\">\n<tr>\n<th>Type d&rsquo;\u00e9quipement<\/th>\n<th>Prix moyen (2025)<\/th>\n<th>Impact sur le budget familial<\/th>\n<\/tr>\n<tr>\n<td>R\u00e9frig\u00e9rateur<\/td>\n<td>450-700\u20ac<\/td>\n<td>\u00c9lev\u00e9<\/td>\n<\/tr>\n<tr>\n<td>Machine \u00e0 laver<\/td>\n<td>350-600\u20ac<\/td>\n<td>\u00c9lev\u00e9<\/td>\n<\/tr>\n<tr>\n<td>Ordinateur familial<\/td>\n<td>500-800\u20ac<\/td>\n<td>Tr\u00e8s \u00e9lev\u00e9<\/td>\n<\/tr>\n<tr>\n<td>Mobilier de base<\/td>\n<td>300-900\u20ac<\/td>\n<td>\u00c9lev\u00e9<\/td>\n<\/tr>\n<\/table>\n<h2>Crit\u00e8res d&rsquo;\u00e9ligibilit\u00e9 pour acc\u00e9der \u00e0 cette allocation<\/h2>\n<p>Pour b\u00e9n\u00e9ficier de cette aide pr\u00e9cieuse, <strong>les demandeurs doivent satisfaire \u00e0 plusieurs conditions sp\u00e9cifiques<\/strong>. La CAF a \u00e9tabli des crit\u00e8res rigoureux visant \u00e0 cibler les personnes v\u00e9ritablement dans le besoin.<\/p>\n<p>Voici les principales conditions \u00e0 remplir pour \u00eatre \u00e9ligible :<\/p>\n<ul>\n<li>Disposer de son propre logement (ne pas \u00eatre h\u00e9berg\u00e9 par un tiers)<\/li>\n<li>Ne pas avoir de pr\u00eat CAF en cours de remboursement<\/li>\n<li>Respecter le plafond de quotient familial fix\u00e9 par sa CAF locale<\/li>\n<li>Justifier du besoin d&rsquo;\u00e9quipement pour son logement<\/li>\n<li>Fournir des devis pour les achats envisag\u00e9s<\/li>\n<\/ul>\n<p><em>Le plafond du quotient familial varie selon les d\u00e9partements<\/em>, chaque CAF locale disposant d&rsquo;une certaine autonomie dans la d\u00e9finition de ses crit\u00e8res. Il est donc essentiel de se renseigner directement aupr\u00e8s de l&rsquo;antenne d\u00e9partementale dont vous d\u00e9pendez.<\/p>\n<p>Cette aide peut prendre diff\u00e9rentes formes selon les situations individuelles et les politiques locales. Dans certains cas, <strong>la CAF propose une subvention directe non remboursable<\/strong>, tandis que dans d&rsquo;autres, elle opte pour un pr\u00eat \u00e0 taux z\u00e9ro. Les modalit\u00e9s de versement diff\u00e8rent \u00e9galement d&rsquo;une CAF \u00e0 l&rsquo;autre.<\/p>\n<h2>Proc\u00e9dure de demande et documents n\u00e9cessaires<\/h2>\n<p>Pour acc\u00e9der \u00e0 cette allocation de 900 euros, <strong>une d\u00e9marche administrative sp\u00e9cifique doit \u00eatre suivie<\/strong>. Le processus, bien que relativement simple, requiert rigueur et organisation.<\/p>\n<p>Voici les \u00e9tapes \u00e0 suivre pour constituer votre dossier :<\/p>\n<ol>\n<li>Contacter votre CAF locale pour v\u00e9rifier votre \u00e9ligibilit\u00e9<\/li>\n<li>Rassembler les justificatifs de ressources r\u00e9cents<\/li>\n<li>Obtenir des devis d\u00e9taill\u00e9s pour les \u00e9quipements souhait\u00e9s<\/li>\n<li>Compl\u00e9ter le formulaire de demande fourni par la CAF<\/li>\n<li>D\u00e9poser l&rsquo;ensemble du dossier aupr\u00e8s de votre antenne CAF<\/li>\n<\/ol>\n<p>Une fois votre dossier d\u00e9pos\u00e9, <em>un d\u00e9lai de traitement de quelques semaines est g\u00e9n\u00e9ralement n\u00e9cessaire<\/em> avant d&rsquo;obtenir une r\u00e9ponse. En cas d&rsquo;acceptation, le versement peut s&rsquo;effectuer directement sur votre compte bancaire ou \u00eatre vers\u00e9 au fournisseur des \u00e9quipements.<\/p>\n<p>Malgr\u00e9 son utilit\u00e9 ind\u00e9niable, <strong>cette aide reste relativement m\u00e9connue du grand public<\/strong>. De nombreux Fran\u00e7ais \u00e9ligibles n&rsquo;en font jamais la demande, faute d&rsquo;information. Dans un contexte o\u00f9 le pouvoir d&rsquo;achat des m\u00e9nages est mis \u00e0 rude \u00e9preuve, il serait regrettable de ne pas saisir cette opportunit\u00e9 d&rsquo;am\u00e9liorer son cadre de vie sans grever son budget.<\/p>\n","protected":false},"excerpt":{"rendered":"<p>La Caisse d&rsquo;Allocations Familiales (CAF) met \u00e0 disposition une aide financi\u00e8re pouvant atteindre 900 euros pour soutenir les m\u00e9nages fran\u00e7ais dans l&rsquo;\u00e9quipement de leur logement. Cette subvention, m\u00e9connue mais pr\u00e9cieuse, s&rsquo;adresse aux personnes en difficult\u00e9 financi\u00e8re souhaitant acqu\u00e9rir des \u00e9quipements essentiels pour leur foyer. \u00c9tudions ensemble les conditions d&rsquo;\u00e9ligibilit\u00e9 et les d\u00e9marches pour b\u00e9n\u00e9ficier de [&hellip;]<\/p>\n","protected":false},"author":1,"featured_media":915,"comment_status":"open","ping_status":"open","sticky":false,"template":"","format":"standard","meta":{"_seopress_robots_primary_cat":"none","_seopress_titles_title":"","_seopress_titles_desc":"","_seopress_robots_index":"","footnotes":""},"categories":[8],"tags":[],"class_list":{"0":"post-907","1":"post","2":"type-post","3":"status-publish","4":"format-standard","5":"has-post-thumbnail","7":"category-aides"},"_links":{"self":[{"href":"https:\/\/velds.com\/blog\/wp-json\/wp\/v2\/posts\/907","targetHints":{"allow":["GET"]}}],"collection":[{"href":"https:\/\/velds.com\/blog\/wp-json\/wp\/v2\/posts"}],"about":[{"href":"https:\/\/velds.com\/blog\/wp-json\/wp\/v2\/types\/post"}],"author":[{"embeddable":true,"href":"https:\/\/velds.com\/blog\/wp-json\/wp\/v2\/users\/1"}],"replies":[{"embeddable":true,"href":"https:\/\/velds.com\/blog\/wp-json\/wp\/v2\/comments?post=907"}],"version-history":[{"count":1,"href":"https:\/\/velds.com\/blog\/wp-json\/wp\/v2\/posts\/907\/revisions"}],"predecessor-version":[{"id":930,"href":"https:\/\/velds.com\/blog\/wp-json\/wp\/v2\/posts\/907\/revisions\/930"}],"wp:featuredmedia":[{"embeddable":true,"href":"https:\/\/velds.com\/blog\/wp-json\/wp\/v2\/media\/915"}],"wp:attachment":[{"href":"https:\/\/velds.com\/blog\/wp-json\/wp\/v2\/media?parent=907"}],"wp:term":[{"taxonomy":"category","embeddable":true,"href":"https:\/\/velds.com\/blog\/wp-json\/wp\/v2\/categories?post=907"},{"taxonomy":"post_tag","embeddable":true,"href":"https:\/\/velds.com\/blog\/wp-json\/wp\/v2\/tags?post=907"}],"curies":[{"name":"wp","href":"https:\/\/api.w.org\/{rel}","templated":true}]}}