{"id":908,"date":"2025-07-15T17:09:00","date_gmt":"2025-07-15T17:09:00","guid":{"rendered":"https:\/\/velds.com\/blog\/?p=908"},"modified":"2025-07-15T01:20:10","modified_gmt":"2025-07-14T23:20:10","slug":"retraite-agirc-arrco-vous-devez-imperativement-verifier-vos-droits-ne-pas-perdre-reforme","status":"publish","type":"post","link":"https:\/\/velds.com\/blog\/retraite-agirc-arrco-vous-devez-imperativement-verifier-vos-droits-ne-pas-perdre-reforme\/","title":{"rendered":"Retraite Agirc-Arrco : vous devez imp\u00e9rativement v\u00e9rifier vos droits pour ne pas les perdre apr\u00e8s la r\u00e9forme"},"content":{"rendered":"<p>La r\u00e9forme des retraites a apport\u00e9 son lot de changements pour les b\u00e9n\u00e9ficiaires du r\u00e9gime Agirc-Arrco. **V\u00e9rifier r\u00e9guli\u00e8rement vos droits \u00e0 la retraite compl\u00e9mentaire** est devenu essentiel pour \u00e9viter de mauvaises surprises au moment de quitter la vie active. D&rsquo;apr\u00e8s les analyses r\u00e9centes, environ un retrait\u00e9 sur sept ne per\u00e7oit pas le montant correct de sa pension, principalement en raison d&rsquo;erreurs administratives qui auraient pu \u00eatre rectifi\u00e9es plus t\u00f4t.<\/p>\n<h2>Pourquoi la v\u00e9rification annuelle de vos droits Agirc-Arrco est cruciale<\/h2>\n<p>Le syst\u00e8me de retraite compl\u00e9mentaire Agirc-Arrco concerne tous les salari\u00e9s du secteur priv\u00e9. Ce r\u00e9gime fonctionne selon un principe d&rsquo;accumulation de points qui seront convertis en pension au moment du d\u00e9part \u00e0 la retraite. **Les erreurs administratives peuvent significativement impacter le montant final** de votre pension compl\u00e9mentaire.<\/p>\n<p>Ces anomalies prennent diverses formes:<\/p>\n<ul>\n<li>P\u00e9riodes de cotisation non enregistr\u00e9es<\/li>\n<li>Erreurs de calcul dans les points acquis<\/li>\n<li>Omissions de certaines p\u00e9riodes travaill\u00e9es<\/li>\n<li>Informations personnelles incorrectes<\/li>\n<li>Changements d&#8217;employeur mal report\u00e9s<\/li>\n<\/ul>\n<p>Les experts recommandent de commencer cette v\u00e9rification d\u00e8s l&rsquo;\u00e2ge de 50 ans, sans attendre l&rsquo;approche de la retraite. <i>Une d\u00e9marche proactive permet non seulement de s\u00e9curiser vos droits mais aussi de mieux anticiper votre future situation financi\u00e8re<\/i>. En identifiant rapidement les anomalies, vous pouvez les signaler et les faire corriger avant qu&rsquo;elles n&rsquo;affectent d\u00e9finitivement le calcul de votre pension.<\/p>\n<h2>Comprendre le fonctionnement sp\u00e9cifique du r\u00e9gime Agirc-Arrco<\/h2>\n<p>Contrairement au r\u00e9gime de base g\u00e9r\u00e9 par la S\u00e9curit\u00e9 sociale, l&rsquo;Agirc-Arrco fonctionne par points. **Chaque euro cotis\u00e9 pendant votre carri\u00e8re vous permet d&rsquo;acqu\u00e9rir des points** qui d\u00e9termineront votre pension future. Ce syst\u00e8me pr\u00e9sente des particularit\u00e9s importantes \u00e0 conna\u00eetre pour optimiser vos droits.<\/p>\n<p>Pour acc\u00e9der \u00e0 votre relev\u00e9 de carri\u00e8re, connectez-vous simplement sur le site officiel de l&rsquo;Agirc-Arrco ou celui de l&rsquo;Assurance retraite. Ce document essentiel r\u00e9capitule l&rsquo;ensemble de vos droits acquis et permet d&rsquo;identifier facilement les p\u00e9riodes potentiellement manquantes.<\/p>\n<p><i>En cas d&rsquo;irr\u00e9gularit\u00e9 constat\u00e9e sur votre relev\u00e9<\/i>, pr\u00e9parez les documents justificatifs correspondants (bulletins de salaire, attestations d&#8217;emploi, justificatifs de p\u00e9riodes de ch\u00f4mage ou de cong\u00e9s sp\u00e9cifiques) avant de contacter votre caisse de retraite.<\/p>\n<table>\n<tr>\n<th>Document<\/th>\n<th>Utilit\u00e9<\/th>\n<th>P\u00e9riode de conservation<\/th>\n<\/tr>\n<tr>\n<td>Bulletins de salaire<\/td>\n<td>Prouver vos cotisations<\/td>\n<td>Toute la vie professionnelle<\/td>\n<\/tr>\n<tr>\n<td>Attestations d&#8217;emploi<\/td>\n<td>Confirmer les p\u00e9riodes travaill\u00e9es<\/td>\n<td>Ind\u00e9finiment<\/td>\n<\/tr>\n<tr>\n<td>Justificatifs de ch\u00f4mage<\/td>\n<td>Valider les p\u00e9riodes d&rsquo;inactivit\u00e9<\/td>\n<td>Minimum 5 ans<\/td>\n<\/tr>\n<\/table>\n<h2>Strat\u00e9gies pour maximiser votre retraite compl\u00e9mentaire<\/h2>\n<p>Plusieurs leviers permettent d&rsquo;optimiser votre pension Agirc-Arrco. **La prolongation de votre activit\u00e9 professionnelle au-del\u00e0 de l&rsquo;\u00e2ge l\u00e9gal** constitue l&rsquo;une des options les plus efficaces. Cette strat\u00e9gie vous permet non seulement d&rsquo;accumuler davantage de points mais aussi de b\u00e9n\u00e9ficier potentiellement de bonifications.<\/p>\n<p>Pour ceux qui souhaitent une approche personnalis\u00e9e, consulter un expert en retraite peut s&rsquo;av\u00e9rer judicieux. Ce professionnel vous aidera \u00e0:<\/p>\n<ol>\n<li>Analyser votre situation personnelle<\/li>\n<li>Identifier les optimisations possibles<\/li>\n<li>\u00c9laborer un plan de d\u00e9part adapt\u00e9 \u00e0 vos besoins<\/li>\n<li>Anticiper les impacts de la r\u00e9forme sur votre cas particulier<\/li>\n<\/ol>\n<p>N&rsquo;attendez pas les derniers mois avant votre d\u00e9part pour vous int\u00e9resser \u00e0 ces questions. <i>La planification de votre retraite doit s&rsquo;envisager comme un processus continu tout au long de votre carri\u00e8re<\/i>. Les v\u00e9rifications r\u00e9guli\u00e8res et les ajustements progressifs vous permettront d&rsquo;aborder cette transition sereinement et de pr\u00e9server votre pouvoir d&rsquo;achat.<\/p>\n<p>**La vigilance sur vos droits Agirc-Arrco constitue un investissement pour votre avenir**. Quelques heures consacr\u00e9es chaque ann\u00e9e \u00e0 cette v\u00e9rification peuvent vous \u00e9viter des d\u00e9convenues financi\u00e8res importantes et vous garantir de percevoir l&rsquo;int\u00e9gralit\u00e9 des droits que vous avez acquis tout au long de votre parcours professionnel.<\/p>\n","protected":false},"excerpt":{"rendered":"<p>La r\u00e9forme des retraites a apport\u00e9 son lot de changements pour les b\u00e9n\u00e9ficiaires du r\u00e9gime Agirc-Arrco. **V\u00e9rifier r\u00e9guli\u00e8rement vos droits \u00e0 la retraite compl\u00e9mentaire** est devenu essentiel pour \u00e9viter de mauvaises surprises au moment de quitter la vie active. D&rsquo;apr\u00e8s les analyses r\u00e9centes, environ un retrait\u00e9 sur sept ne per\u00e7oit pas le montant correct de [&hellip;]<\/p>\n","protected":false},"author":1,"featured_media":911,"comment_status":"open","ping_status":"open","sticky":false,"template":"","format":"standard","meta":{"_seopress_robots_primary_cat":"none","_seopress_titles_title":"","_seopress_titles_desc":"","_seopress_robots_index":"","footnotes":""},"categories":[14],"tags":[],"class_list":{"0":"post-908","1":"post","2":"type-post","3":"status-publish","4":"format-standard","5":"has-post-thumbnail","7":"category-retraite"},"_links":{"self":[{"href":"https:\/\/velds.com\/blog\/wp-json\/wp\/v2\/posts\/908","targetHints":{"allow":["GET"]}}],"collection":[{"href":"https:\/\/velds.com\/blog\/wp-json\/wp\/v2\/posts"}],"about":[{"href":"https:\/\/velds.com\/blog\/wp-json\/wp\/v2\/types\/post"}],"author":[{"embeddable":true,"href":"https:\/\/velds.com\/blog\/wp-json\/wp\/v2\/users\/1"}],"replies":[{"embeddable":true,"href":"https:\/\/velds.com\/blog\/wp-json\/wp\/v2\/comments?post=908"}],"version-history":[{"count":1,"href":"https:\/\/velds.com\/blog\/wp-json\/wp\/v2\/posts\/908\/revisions"}],"predecessor-version":[{"id":914,"href":"https:\/\/velds.com\/blog\/wp-json\/wp\/v2\/posts\/908\/revisions\/914"}],"wp:featuredmedia":[{"embeddable":true,"href":"https:\/\/velds.com\/blog\/wp-json\/wp\/v2\/media\/911"}],"wp:attachment":[{"href":"https:\/\/velds.com\/blog\/wp-json\/wp\/v2\/media?parent=908"}],"wp:term":[{"taxonomy":"category","embeddable":true,"href":"https:\/\/velds.com\/blog\/wp-json\/wp\/v2\/categories?post=908"},{"taxonomy":"post_tag","embeddable":true,"href":"https:\/\/velds.com\/blog\/wp-json\/wp\/v2\/tags?post=908"}],"curies":[{"name":"wp","href":"https:\/\/api.w.org\/{rel}","templated":true}]}}