{"id":987,"date":"2025-07-18T17:49:00","date_gmt":"2025-07-18T17:49:00","guid":{"rendered":"https:\/\/velds.com\/blog\/?p=987"},"modified":"2025-07-18T01:20:16","modified_gmt":"2025-07-17T23:20:16","slug":"lidl-verite-eclate-enfin-qui-fabrique-reellement-cosmetiques-cien","status":"publish","type":"post","link":"https:\/\/velds.com\/blog\/lidl-verite-eclate-enfin-qui-fabrique-reellement-cosmetiques-cien\/","title":{"rendered":"Lidl : la v\u00e9rit\u00e9 \u00e9clate enfin, qui fabrique r\u00e9ellement les cosm\u00e9tiques Cien ?"},"content":{"rendered":"<p>La gamme <strong>cosm\u00e9tique Cien de Lidl<\/strong> s&rsquo;est impos\u00e9e comme une r\u00e9f\u00e9rence dans le secteur des soins personnels \u00e0 prix abordables. Derri\u00e8re cette marque populaire se cache une histoire et une structure de production souvent m\u00e9connues du grand public. Observons ensemble qui fabrique r\u00e9ellement ces produits et comment ils ont r\u00e9ussi \u00e0 conqu\u00e9rir le march\u00e9 des cosm\u00e9tiques \u00e9conomiques.<\/p>\n<h2>Les dessous de la marque Cien et son fabricant<\/h2>\n<p>Contrairement \u00e0 ce que beaucoup pourraient penser, <strong>Lidl ne fabrique pas directement ses produits Cien<\/strong>. L&rsquo;enseigne allemande collabore avec le groupe Dalli, une entreprise familiale allemande fond\u00e9e en 1845. Ce fabricant historique, bas\u00e9 \u00e0 Stolberg en Rh\u00e9nanie-Palatinat, emploie environ 2000 personnes d\u00e9di\u00e9es \u00e0 la production de produits cosm\u00e9tiques et d&rsquo;hygi\u00e8ne personnelle.<\/p>\n<p>Dalli n&rsquo;est pas un novice dans le secteur. Cette entreprise collabore \u00e9galement avec d&rsquo;autres grandes enseignes de distribution comme DM et Aldi. Sa long\u00e9vit\u00e9 et son expertise t\u00e9moignent de la confiance que lui accordent ces g\u00e9ants de la distribution.<\/p>\n<p>Le nom \u00ab\u00a0Cien\u00a0\u00bb trouve son origine dans la langue espagnole et signifie \u00ab\u00a0cent\u00a0\u00bb. Ce choix n&rsquo;est pas anodin puisqu&rsquo;il symbolise l&rsquo;engagement de la marque envers :<\/p>\n<ul>\n<li>100% de qualit\u00e9 dans la formulation<\/li>\n<li>100% de puret\u00e9 dans les ingr\u00e9dients s\u00e9lectionn\u00e9s<\/li>\n<li>100% de beaut\u00e9 dans les r\u00e9sultats promis<\/li>\n<li>100% de satisfaction client recherch\u00e9e<\/li>\n<\/ul>\n<p>Lanc\u00e9e en 1982 comme <em>marque exclusive de cosm\u00e9tiques pour Lidl<\/em>, Cien propose aujourd&rsquo;hui pas moins de 72 r\u00e9f\u00e9rences diff\u00e9rentes couvrant l&rsquo;ensemble des besoins en soins personnels.<\/p>\n<h2>Qualit\u00e9 et reconnaissance des produits cosm\u00e9tiques Cien<\/h2>\n<p>Le succ\u00e8s de la marque Cien repose sur un \u00e9quilibre parfait entre <strong>qualit\u00e9 et prix comp\u00e9titif<\/strong>. Loin d&rsquo;\u00eatre des produits bas de gamme, les cosm\u00e9tiques Cien ont r\u00e9guli\u00e8rement re\u00e7u des distinctions lors de tests comparatifs ind\u00e9pendants.<\/p>\n<p>En 2021, deux d\u00e9odorants de la gamme \u2013 \u00ab\u00a0Cien Puro Frescor 48h\u00a0\u00bb et \u00ab\u00a0Cien Nature Bio-Citrus\u00a0\u00bb \u2013 ont obtenu la mention \u00ab\u00a0tr\u00e8s bien\u00a0\u00bb lors des \u00e9valuations d&rsquo;\u00d6ko-test, un magazine allemand reconnu pour la rigueur de ses tests de consommation orient\u00e9s vers le respect de l&rsquo;environnement.<\/p>\n<p>La m\u00eame ann\u00e9e, le shampooing \u00ab\u00a0Jour par Jour, Fruits et Vitamines\u00a0\u00bb s&rsquo;est distingu\u00e9 en remportant le prix du meilleur produit de sa cat\u00e9gorie, surpassant m\u00eame des r\u00e9f\u00e9rences de marques beaucoup plus on\u00e9reuses. Ces reconnaissances t\u00e9moignent de la <em>qualit\u00e9 r\u00e9elle des formulations d\u00e9velopp\u00e9es par Dalli<\/em> pour Lidl.<\/p>\n<table border=\"1\">\n<tr>\n<th>Produit Cien<\/th>\n<th>Distinction<\/th>\n<th>Ann\u00e9e<\/th>\n<\/tr>\n<tr>\n<td>D\u00e9odorant Puro Frescor 48h<\/td>\n<td>Mention \u00ab\u00a0Tr\u00e8s bien\u00a0\u00bb \u00d6ko-test<\/td>\n<td>2021<\/td>\n<\/tr>\n<tr>\n<td>D\u00e9odorant Nature Bio-Citrus<\/td>\n<td>Mention \u00ab\u00a0Tr\u00e8s bien\u00a0\u00bb \u00d6ko-test<\/td>\n<td>2021<\/td>\n<\/tr>\n<tr>\n<td>Shampooing Jour par Jour<\/td>\n<td>Meilleur produit de sa cat\u00e9gorie<\/td>\n<td>2021<\/td>\n<\/tr>\n<\/table>\n<h2>L&rsquo;expansion et l&rsquo;innovation des cosm\u00e9tiques Lidl<\/h2>\n<p>Face \u00e0 la demande croissante pour des produits cosm\u00e9tiques de qualit\u00e9 \u00e0 prix accessibles, <strong>Lidl a continuellement fait \u00e9voluer sa gamme Cien<\/strong>. En 2020, l&rsquo;enseigne a enrichi son offre avec le lancement de \u00ab\u00a0Cien Nature\u00a0\u00bb, une ligne de cosm\u00e9tiques naturels r\u00e9pondant aux nouvelles attentes des consommateurs en mati\u00e8re d&rsquo;\u00e9coresponsabilit\u00e9.<\/p>\n<p>Aujourd&rsquo;hui, les produits Cien sont disponibles dans plus de 3200 magasins en Allemagne et dans une grande partie des 11550 points de vente que compte Lidl \u00e0 travers 29 pays. Cette distribution massive t\u00e9moigne de l&rsquo;impact consid\u00e9rable de cette marque sur le march\u00e9 mondial des cosm\u00e9tiques.<\/p>\n<p>L&rsquo;approche de Lidl avec sa marque Cien confirme qu&rsquo;il est possible d&rsquo;allier innovation et accessibilit\u00e9. La transformation du secteur cosm\u00e9tique ces derni\u00e8res ann\u00e9es a vu \u00e9merger une nouvelle cat\u00e9gorie de produits o\u00f9 <em>la qualit\u00e9 n&rsquo;est plus n\u00e9cessairement synonyme de prix \u00e9lev\u00e9<\/em>.<\/p>\n<p>Malgr\u00e9 les prix attractifs, il reste conseill\u00e9 de lire attentivement les \u00e9tiquettes de composition avant l&rsquo;achat, une recommandation valable pour tous les produits cosm\u00e9tiques, quelle que soit leur gamme de prix. Cette pr\u00e9caution permet d&rsquo;\u00e9viter d&rsquo;\u00e9ventuels effets ind\u00e9sirables li\u00e9s \u00e0 des allergies ou intol\u00e9rances personnelles.<\/p>\n<p>La r\u00e9ussite de Cien illustre parfaitement comment une cha\u00eene de distribution discount a su cr\u00e9er une marque respect\u00e9e dans un secteur traditionnellement domin\u00e9 par des groupes cosm\u00e9tiques \u00e9tablis, en s&rsquo;appuyant sur l&rsquo;expertise d&rsquo;un fabricant historique allemand.<\/p>\n","protected":false},"excerpt":{"rendered":"<p>La gamme cosm\u00e9tique Cien de Lidl s&rsquo;est impos\u00e9e comme une r\u00e9f\u00e9rence dans le secteur des soins personnels \u00e0 prix abordables. Derri\u00e8re cette marque populaire se cache une histoire et une structure de production souvent m\u00e9connues du grand public. Observons ensemble qui fabrique r\u00e9ellement ces produits et comment ils ont r\u00e9ussi \u00e0 conqu\u00e9rir le march\u00e9 des [&hellip;]<\/p>\n","protected":false},"author":1,"featured_media":1004,"comment_status":"open","ping_status":"open","sticky":false,"template":"","format":"standard","meta":{"_seopress_robots_primary_cat":"none","_seopress_titles_title":"","_seopress_titles_desc":"","_seopress_robots_index":"","footnotes":""},"categories":[10],"tags":[],"class_list":{"0":"post-987","1":"post","2":"type-post","3":"status-publish","4":"format-standard","5":"has-post-thumbnail","7":"category-conso"},"_links":{"self":[{"href":"https:\/\/velds.com\/blog\/wp-json\/wp\/v2\/posts\/987","targetHints":{"allow":["GET"]}}],"collection":[{"href":"https:\/\/velds.com\/blog\/wp-json\/wp\/v2\/posts"}],"about":[{"href":"https:\/\/velds.com\/blog\/wp-json\/wp\/v2\/types\/post"}],"author":[{"embeddable":true,"href":"https:\/\/velds.com\/blog\/wp-json\/wp\/v2\/users\/1"}],"replies":[{"embeddable":true,"href":"https:\/\/velds.com\/blog\/wp-json\/wp\/v2\/comments?post=987"}],"version-history":[{"count":1,"href":"https:\/\/velds.com\/blog\/wp-json\/wp\/v2\/posts\/987\/revisions"}],"predecessor-version":[{"id":1007,"href":"https:\/\/velds.com\/blog\/wp-json\/wp\/v2\/posts\/987\/revisions\/1007"}],"wp:featuredmedia":[{"embeddable":true,"href":"https:\/\/velds.com\/blog\/wp-json\/wp\/v2\/media\/1004"}],"wp:attachment":[{"href":"https:\/\/velds.com\/blog\/wp-json\/wp\/v2\/media?parent=987"}],"wp:term":[{"taxonomy":"category","embeddable":true,"href":"https:\/\/velds.com\/blog\/wp-json\/wp\/v2\/categories?post=987"},{"taxonomy":"post_tag","embeddable":true,"href":"https:\/\/velds.com\/blog\/wp-json\/wp\/v2\/tags?post=987"}],"curies":[{"name":"wp","href":"https:\/\/api.w.org\/{rel}","templated":true}]}}